{"id":115,"date":"2020-04-17T12:20:19","date_gmt":"2020-04-17T12:20:19","guid":{"rendered":"https:\/\/demo.creativethemes.com\/blocksy\/travel\/?p=115"},"modified":"2022-10-23T20:08:04","modified_gmt":"2022-10-23T18:08:04","slug":"sitamet-risus-nullam-egetcras-ornare-arcu-dui-vivamus-arcu-felis-bibendum-ut","status":"publish","type":"post","link":"https:\/\/www.frenchcultureinparis.fr\/fr\/sitamet-risus-nullam-egetcras-ornare-arcu-dui-vivamus-arcu-felis-bibendum-ut\/","title":{"rendered":"Paris en 1990"},"content":{"rendered":"<div data-elementor-type=\"wp-post\" data-elementor-id=\"115\" class=\"elementor elementor-115\" data-elementor-post-type=\"post\">\n\t\t\t\t\t\t<section class=\"elementor-section elementor-top-section elementor-element elementor-element-70ff9734 elementor-section-boxed elementor-section-height-default elementor-section-height-default\" data-id=\"70ff9734\" data-element_type=\"section\" data-e-type=\"section\">\n\t\t\t\t\t\t<div class=\"elementor-container elementor-column-gap-default\">\n\t\t\t\t\t<div class=\"elementor-column elementor-col-100 elementor-top-column elementor-element elementor-element-798dbddd\" data-id=\"798dbddd\" data-element_type=\"column\" data-e-type=\"column\">\n\t\t\t<div class=\"elementor-widget-wrap elementor-element-populated\">\n\t\t\t\t\t\t<div class=\"elementor-element elementor-element-426a9742 elementor-widget elementor-widget-text-editor\" data-id=\"426a9742\" data-element_type=\"widget\" data-e-type=\"widget\" data-widget_type=\"text-editor.default\">\n\t\t\t\t<div class=\"elementor-widget-container\">\n\t\t\t\t\t\t\t\t\t<p><\/p>\n<p>Lacinia quis vel eros donec ac odio tempor orci. Laoreet suspendisse interdum consectetur libero id. Amet aliquam id diam maecenas ultricies. Les enfants ont \u00e9t\u00e9 mis \u00e0 l'\u00e9cart de l'\u00e9cole et de la soci\u00e9t\u00e9. Est velit egestas dui id ornare arcu odio. Ut lectus arcu bibendum at varius. Justo laoreet sit amet cursus. Diam maecenas ultricies mi eget mauris. Urna nec tincidunt praesent semper feugiat nibh sed. Pharetra pharetra massa massa ultricies. Tempor orci eu lobortis elementum nibh tellus molestie. Ipsum consequat nisl vel pretium.<\/p>\n<p><\/p>\n<p><\/p>\n<p><br><\/p>\n<p><\/p>\t\t\t\t\t\t\t\t<\/div>\n\t\t\t\t<\/div>\n\t\t\t\t\t<\/div>\n\t\t<\/div>\n\t\t\t\t\t<\/div>\n\t\t<\/section>\n\t\t\t\t<\/div>","protected":false},"excerpt":{"rendered":"<p>ceci est l'histoire de paris en 1990<\/p>","protected":false},"author":1,"featured_media":451,"comment_status":"open","ping_status":"open","sticky":false,"template":"","format":"standard","meta":{"_acf_changed":false,"footnotes":""},"categories":[2],"tags":[],"class_list":["post-115","post","type-post","status-publish","format-standard","has-post-thumbnail","hentry","category-the-history-of-paris"],"blocksy_meta":{"styles_descriptor":{"styles":{"desktop":"","tablet":"","mobile":""},"google_fonts":[],"version":6}},"acf":[],"_links":{"self":[{"href":"https:\/\/www.frenchcultureinparis.fr\/fr\/wp-json\/wp\/v2\/posts\/115","targetHints":{"allow":["GET"]}}],"collection":[{"href":"https:\/\/www.frenchcultureinparis.fr\/fr\/wp-json\/wp\/v2\/posts"}],"about":[{"href":"https:\/\/www.frenchcultureinparis.fr\/fr\/wp-json\/wp\/v2\/types\/post"}],"author":[{"embeddable":true,"href":"https:\/\/www.frenchcultureinparis.fr\/fr\/wp-json\/wp\/v2\/users\/1"}],"replies":[{"embeddable":true,"href":"https:\/\/www.frenchcultureinparis.fr\/fr\/wp-json\/wp\/v2\/comments?post=115"}],"version-history":[{"count":4,"href":"https:\/\/www.frenchcultureinparis.fr\/fr\/wp-json\/wp\/v2\/posts\/115\/revisions"}],"predecessor-version":[{"id":668,"href":"https:\/\/www.frenchcultureinparis.fr\/fr\/wp-json\/wp\/v2\/posts\/115\/revisions\/668"}],"wp:featuredmedia":[{"embeddable":true,"href":"https:\/\/www.frenchcultureinparis.fr\/fr\/wp-json\/wp\/v2\/media\/451"}],"wp:attachment":[{"href":"https:\/\/www.frenchcultureinparis.fr\/fr\/wp-json\/wp\/v2\/media?parent=115"}],"wp:term":[{"taxonomy":"category","embeddable":true,"href":"https:\/\/www.frenchcultureinparis.fr\/fr\/wp-json\/wp\/v2\/categories?post=115"},{"taxonomy":"post_tag","embeddable":true,"href":"https:\/\/www.frenchcultureinparis.fr\/fr\/wp-json\/wp\/v2\/tags?post=115"}],"curies":[{"name":"wp","href":"https:\/\/api.w.org\/{rel}","templated":true}]}}